{"id":10805,"date":"2016-09-19T00:19:02","date_gmt":"2016-09-18T22:19:02","guid":{"rendered":"http:\/\/www.kosmopolitrecords.de\/?p=10805"},"modified":"2016-09-19T00:21:09","modified_gmt":"2016-09-18T22:21:09","slug":"kappeler-literaturpreis-an-annie-heger","status":"publish","type":"post","link":"https:\/\/www.kosmopolitrecords.de\/?p=10805","title":{"rendered":"Kappelner Literaturpreis an ANNIE HEGER"},"content":{"rendered":"<p>Die Stadt Kappeln wird in diesem Jahr den 26. Niederdeutschen Literaturpreis an Annie Heger \u00fcberreichen. Die junge ostfriesische K\u00fcnstlerin erh\u00e4lt den \u00fcberregional bedeutenden Preis am 4. November 2016 in Kappeln.<\/p>\n<p>Die diesj\u00e4hrige Jury mit Christoph Ahlers (NDR), Marianne Ehlers (SHHB) und Dr. Reinhard Goltz (INS) begr\u00fcndet ihren Entschluss, den Literaturpreis der Stadt Kappeln an Annie Heger zu \u00fcberreichen, folgenderma\u00dfen:<\/p>\n<p>Annie Heger hat sich als junge und frische Stimme des Niederdeutschen einen Namen gemacht. Sie erz\u00e4hlt, singt und tanzt, unterh\u00e4lt ihr Publikum mit Esprit und Charme \u2013 kom\u00f6diantisch und frech, tiefsinnig und mit ostfriesisch-flinker Zunge. Im Radio geh\u00f6rt sie zu den jungen \u201eH\u00f6r mal \u2019n beten to\u201c \u2013 Stimmen. Sie moderiert plattdeutsche Band-Wettbewerbe, aber auch Crossover-Shows auf Hochdeutsch.<\/p>\n<p>Mit einem ihrer beliebtesten Programme, dem Musik-Kabarett \u201eWatt\u2019n Skandaal\u201c, erobert sie als Entertainerin B\u00fchnen in ganz Norddeutschland. Als Mitglied der Gruppe \u201eSweet Sugar Swing\u201c f\u00fchrt sie ihr Publikum in l\u00e4ngst vergangene Zeiten \u2013 mit Swing op Platt. Auch als Schauspielerin f\u00fchlt sie sich auf der Theaterb\u00fchne zuhause. Am Oldenburgischen Staatstheater spielte sie mit gro\u00dfem Erfolg den Mephisto im plattdeutschen \u201eFaust\u201c. Seit einigen Jahren leitet sie ebenfalls in Oldenburg das PLATTart-Festival f\u00fcr neue niederdeutsche Kultur.<\/p>\n<p>Annie Heger verleiht der plattdeutschen Sprache ihren eigenen Ton, verkn\u00fcpft mit k\u00fcnstlerischer Vielfalt und hoher B\u00fchnenpr\u00e4senz. Damit tr\u00e4gt die 33-j\u00e4hrige K\u00fcnstlerin ma\u00dfgeblich dazu bei, auch ein junges Publikum f\u00fcr das Plattdeutsche zu begeistern.<\/p>\n<p><a href=\"https:\/\/www.kosmopolitrecords.de\/website2016\/wp-content\/uploads\/2016\/09\/Anni_linnmarx.com_160.jpg\" rel=\"attachment wp-att-10806\"><img loading=\"lazy\" class=\"size-medium wp-image-10806 alignleft\" src=\"https:\/\/www.kosmopolitrecords.de\/website2016\/wp-content\/uploads\/2016\/09\/Anni_linnmarx.com_160-200x300.jpg\" alt=\"anni_linnmarx-com_160\" width=\"200\" height=\"300\" srcset=\"https:\/\/www.kosmopolitrecords.de\/website2016\/wp-content\/uploads\/2016\/09\/Anni_linnmarx.com_160-200x300.jpg 200w, https:\/\/www.kosmopolitrecords.de\/website2016\/wp-content\/uploads\/2016\/09\/Anni_linnmarx.com_160-768x1152.jpg 768w, https:\/\/www.kosmopolitrecords.de\/website2016\/wp-content\/uploads\/2016\/09\/Anni_linnmarx.com_160-683x1024.jpg 683w\" sizes=\"(max-width: 200px) 100vw, 200px\" \/><br \/>\n<\/a><\/p>\n<p>&nbsp;<\/p>\n<p>&nbsp;<\/p>\n<p>&nbsp;<\/p>\n<p>&nbsp;<\/p>\n<p>&nbsp;<\/p>\n<p>&nbsp;<\/p>\n<p>&nbsp;<\/p>\n<p>&nbsp;<\/p>\n<p><a href=\"https:\/\/www.facebook.com\/hashtag\/unserek\u00fcnstler?source=feed_text&amp;story_id=504803396382394\" data-ft=\"{&quot;tn&quot;:&quot;*N&quot;,&quot;type&quot;:104}\">#unserek\u00fcnstler<\/a> <a href=\"https:\/\/www.facebook.com\/hashtag\/platt?source=feed_text&amp;story_id=504803396382394\" data-ft=\"{&quot;tn&quot;:&quot;*N&quot;,&quot;type&quot;:104}\">#platt<\/a> <a href=\"https:\/\/www.facebook.com\/hashtag\/kappeln?source=feed_text&amp;story_id=504803396382394\" data-ft=\"{&quot;tn&quot;:&quot;*N&quot;,&quot;type&quot;:104}\">#kappeln<\/a> <a href=\"https:\/\/www.facebook.com\/hashtag\/annieheger?source=feed_text&amp;story_id=504803396382394\" data-ft=\"{&quot;tn&quot;:&quot;*N&quot;,&quot;type&quot;:104}\">#annieheger<\/a><\/p>\n","protected":false},"excerpt":{"rendered":"<p>Die Stadt Kappeln wird in diesem Jahr den 26. Niederdeutschen Literaturpreis an Annie Heger \u00fcberreichen. Die junge ostfriesische K\u00fcnstlerin erh\u00e4lt den \u00fcberregional bedeutenden Preis am 4. November 2016 in Kappeln. Die diesj\u00e4hrige Jury mit Christoph Ahlers (NDR), Marianne Ehlers (SHHB) und Dr. Reinhard Goltz (INS) begr\u00fcndet ihren Entschluss, den Literaturpreis der Stadt Kappeln an Annie [&hellip;]<\/p>\n","protected":false},"author":3,"featured_media":0,"comment_status":"open","ping_status":"open","sticky":false,"template":"","format":"standard","meta":[],"categories":[1],"tags":[],"_links":{"self":[{"href":"https:\/\/www.kosmopolitrecords.de\/index.php?rest_route=\/wp\/v2\/posts\/10805"}],"collection":[{"href":"https:\/\/www.kosmopolitrecords.de\/index.php?rest_route=\/wp\/v2\/posts"}],"about":[{"href":"https:\/\/www.kosmopolitrecords.de\/index.php?rest_route=\/wp\/v2\/types\/post"}],"author":[{"embeddable":true,"href":"https:\/\/www.kosmopolitrecords.de\/index.php?rest_route=\/wp\/v2\/users\/3"}],"replies":[{"embeddable":true,"href":"https:\/\/www.kosmopolitrecords.de\/index.php?rest_route=%2Fwp%2Fv2%2Fcomments&post=10805"}],"version-history":[{"count":3,"href":"https:\/\/www.kosmopolitrecords.de\/index.php?rest_route=\/wp\/v2\/posts\/10805\/revisions"}],"predecessor-version":[{"id":10808,"href":"https:\/\/www.kosmopolitrecords.de\/index.php?rest_route=\/wp\/v2\/posts\/10805\/revisions\/10808"}],"wp:attachment":[{"href":"https:\/\/www.kosmopolitrecords.de\/index.php?rest_route=%2Fwp%2Fv2%2Fmedia&parent=10805"}],"wp:term":[{"taxonomy":"category","embeddable":true,"href":"https:\/\/www.kosmopolitrecords.de\/index.php?rest_route=%2Fwp%2Fv2%2Fcategories&post=10805"},{"taxonomy":"post_tag","embeddable":true,"href":"https:\/\/www.kosmopolitrecords.de\/index.php?rest_route=%2Fwp%2Fv2%2Ftags&post=10805"}],"curies":[{"name":"wp","href":"https:\/\/api.w.org\/{rel}","templated":true}]}}