{"id":10868,"date":"2017-02-13T19:39:27","date_gmt":"2017-02-13T18:39:27","guid":{"rendered":"http:\/\/www.kosmopolitrecords.de\/?p=10868"},"modified":"2017-02-13T19:49:07","modified_gmt":"2017-02-13T18:49:07","slug":"release-verbuendete-von-matthias-monka-voller-erfolg","status":"publish","type":"post","link":"https:\/\/www.kosmopolitrecords.de\/?p=10868","title":{"rendered":"++ Release: &#8222;Verb\u00fcndete&#8220; von Matthias Monka &#8211; Voller Erfolg"},"content":{"rendered":"<p>Seit dem 10. Februar steht die Platte <a href=\"https:\/\/www.amazon.de\/dp\/B01N23TQGI\" target=\"_blank\">VERB\u00dcNDETE<\/a> von <a href=\"https:\/\/www.matthias-monka.de\" target=\"_blank\">Matthias Monka <\/a>in den L\u00e4den und zum Download auf allen Plattformen bereit!<\/p>\n<p>Das Releasekonzert im KITO in Bremen war ein besonderer Abend: Alle Verb\u00fcndeten sind daf\u00fcr zusammen gekommen und haben diese Platte, die Musik und das Gef\u00fchl den Verbundenheit gefeiert. Und zwar gl\u00fccklich und laut.<\/p>\n<p>Danke an Andi Pique, Olli Kronhardt, Thomas &#8222;Giddi&#8220; K\u00fchtmann, Ralf Marckardt und <a href=\"https:\/\/www.annierockt.de\" target=\"_blank\">Annie Heger<\/a>, die sich um den Bremer K\u00fcnstler gescharrt haben und den Menschen diesen grandiosen Abend geschenkt haben.<\/p>\n<p><a href=\"https:\/\/www.kosmopolitrecords.de\/website2016\/wp-content\/uploads\/2017\/02\/MatthiasMonka_Verbu\u0308ndete.jpg\" rel=\"attachment wp-att-10866\"><img loading=\"lazy\" class=\"alignnone wp-image-10870 size-medium\" src=\"https:\/\/www.kosmopolitrecords.de\/website2016\/wp-content\/uploads\/2017\/02\/MatthiasMonka_Verbu\u0308ndete-300x300.jpg\" alt=\"\" width=\"300\" height=\"300\" srcset=\"https:\/\/www.kosmopolitrecords.de\/website2016\/wp-content\/uploads\/2017\/02\/MatthiasMonka_Verbu\u0308ndete-300x300.jpg 300w, https:\/\/www.kosmopolitrecords.de\/website2016\/wp-content\/uploads\/2017\/02\/MatthiasMonka_Verbu\u0308ndete-150x150.jpg 150w, https:\/\/www.kosmopolitrecords.de\/website2016\/wp-content\/uploads\/2017\/02\/MatthiasMonka_Verbu\u0308ndete-768x768.jpg 768w, https:\/\/www.kosmopolitrecords.de\/website2016\/wp-content\/uploads\/2017\/02\/MatthiasMonka_Verbu\u0308ndete-1024x1024.jpg 1024w, https:\/\/www.kosmopolitrecords.de\/website2016\/wp-content\/uploads\/2017\/02\/MatthiasMonka_Verbu\u0308ndete.jpg 1690w\" sizes=\"(max-width: 300px) 100vw, 300px\" \/><\/a><\/p>\n","protected":false},"excerpt":{"rendered":"<p>Seit dem 10. Februar steht die Platte VERB\u00dcNDETE von Matthias Monka in den L\u00e4den und zum Download auf allen Plattformen bereit! Das Releasekonzert im KITO in Bremen war ein besonderer Abend: Alle Verb\u00fcndeten sind daf\u00fcr zusammen gekommen und haben diese Platte, die Musik und das Gef\u00fchl den Verbundenheit gefeiert. Und zwar gl\u00fccklich und laut. Danke [&hellip;]<\/p>\n","protected":false},"author":3,"featured_media":10870,"comment_status":"open","ping_status":"open","sticky":false,"template":"","format":"standard","meta":[],"categories":[1],"tags":[],"_links":{"self":[{"href":"https:\/\/www.kosmopolitrecords.de\/index.php?rest_route=\/wp\/v2\/posts\/10868"}],"collection":[{"href":"https:\/\/www.kosmopolitrecords.de\/index.php?rest_route=\/wp\/v2\/posts"}],"about":[{"href":"https:\/\/www.kosmopolitrecords.de\/index.php?rest_route=\/wp\/v2\/types\/post"}],"author":[{"embeddable":true,"href":"https:\/\/www.kosmopolitrecords.de\/index.php?rest_route=\/wp\/v2\/users\/3"}],"replies":[{"embeddable":true,"href":"https:\/\/www.kosmopolitrecords.de\/index.php?rest_route=%2Fwp%2Fv2%2Fcomments&post=10868"}],"version-history":[{"count":3,"href":"https:\/\/www.kosmopolitrecords.de\/index.php?rest_route=\/wp\/v2\/posts\/10868\/revisions"}],"predecessor-version":[{"id":10872,"href":"https:\/\/www.kosmopolitrecords.de\/index.php?rest_route=\/wp\/v2\/posts\/10868\/revisions\/10872"}],"wp:featuredmedia":[{"embeddable":true,"href":"https:\/\/www.kosmopolitrecords.de\/index.php?rest_route=\/wp\/v2\/media\/10870"}],"wp:attachment":[{"href":"https:\/\/www.kosmopolitrecords.de\/index.php?rest_route=%2Fwp%2Fv2%2Fmedia&parent=10868"}],"wp:term":[{"taxonomy":"category","embeddable":true,"href":"https:\/\/www.kosmopolitrecords.de\/index.php?rest_route=%2Fwp%2Fv2%2Fcategories&post=10868"},{"taxonomy":"post_tag","embeddable":true,"href":"https:\/\/www.kosmopolitrecords.de\/index.php?rest_route=%2Fwp%2Fv2%2Ftags&post=10868"}],"curies":[{"name":"wp","href":"https:\/\/api.w.org\/{rel}","templated":true}]}}