{"id":11565,"date":"2019-10-05T19:34:34","date_gmt":"2019-10-05T17:34:34","guid":{"rendered":"http:\/\/www.kosmopolitrecords.de\/?p=11565"},"modified":"2019-10-11T19:34:53","modified_gmt":"2019-10-11T17:34:53","slug":"ho-ho-ho-der-schlitten-wird-schon-aufpoliert","status":"publish","type":"post","link":"https:\/\/www.kosmopolitrecords.de\/?p=11565","title":{"rendered":"+++ HO HO HO &#8211; DER SCHLITTEN WIRD SCHON AUFPOLIERT +++"},"content":{"rendered":"<p>Bald sind sie wieder auf Tour und wir freuen uns schon wahnsinnig auf all die Bilder von B\u00fchnenaufbauten und -abrissen, swingigen Gr\u00fc\u00dfen aus dem Tourmobil und Weihnachtsmarkt\u00fcberraschungsauftritten!<\/p>\n<p>05.12. REMCHINGEN | <a class=\"profileLink\" href=\"https:\/\/www.facebook.com\/kulturhalle.remchingen\/?__tn__=KH-R&amp;eid=ARDlUoZ7wiHj4cGQpz908O-1A_e5bcfUZBD-1HdwBsFkya8niGOs_Q5EriiH7UKSt5lA4hzlyUA-8Ei9&amp;fref=mentions&amp;__xts__%5B0%5D=68.ARAOs156aEVpxCrOf0u5RDsXbxjxqwQcFMXf9OSzle8xbrHpCneq_A6fuD2gzr7nkRX_4v09kGovhBv4eJPLEv7K6q140crKs0A5fEECLhLeMoE1h-Z-wsbRWvAWKTWnDOu30llvL075cS1hH5cxQZtJrBGm2LMZpnnA6fHo1tS3ZeB-G0J9IApGe_3dg0ZpM0biwOIXLQj2zGN0tJ23Sx93nnZ1FuM_c5N5EzrndI-U2MdWK0Z-3p2yWumbUNLz1AMM7RzON4lTVJjm_VPVI4Xk6IX-fJEk-g9qBvRxOHu94eFX8NKh-DrKCqE4KR5vWeKW-V2gMKfDGXa8bWJS6ja6zG1s5ndeBUHAcIXrKpOP73VWrzdXLjUyoxbzKa1YVFGJxUWZkUnh_BiokSUTXQltvlmKS1d_DAgVJ3l2z_-6iwM5ZWaN1oCnBX0OXvzwS-JJYZw0_mJNlYfNBt8nJKa4ISR70W6BlvalslbTyKwHVTYSVV2fkztAozXk0nScvfG5zmIf7Se1plqVL6O59r0-iIM3-QF9t7yrzKi7ysCmJGc8VNGgUYexL-l_lbNhqeRetkfUfeVQZA\" data-hovercard=\"\/ajax\/hovercard\/page.php?id=213912418623145&amp;extragetparams=%7B%22__tn__%22%3A%22%2CdKH-R-R%22%2C%22eid%22%3A%22ARDlUoZ7wiHj4cGQpz908O-1A_e5bcfUZBD-1HdwBsFkya8niGOs_Q5EriiH7UKSt5lA4hzlyUA-8Ei9%22%2C%22fref%22%3A%22mentions%22%7D\" data-hovercard-prefer-more-content-show=\"1\">Kulturhalle Remchingen<\/a><br \/>\n06.12. TETT<span class=\"text_exposed_show\">NANG | Aula des Monfort-Gymnasiums<br \/>\n08.12. OLDENBURG | <a class=\"profileLink\" href=\"https:\/\/www.facebook.com\/oldenburgisches.staatstheater\/?__tn__=KH-R&amp;eid=ARBdwkOXvJsKa4HV0xcPnnmDvhfvMziGxni9wWJ5qk34IPAuPZa2batDMYtaISoermhSkyR7DPB27iex&amp;fref=mentions&amp;__xts__%5B0%5D=68.ARAOs156aEVpxCrOf0u5RDsXbxjxqwQcFMXf9OSzle8xbrHpCneq_A6fuD2gzr7nkRX_4v09kGovhBv4eJPLEv7K6q140crKs0A5fEECLhLeMoE1h-Z-wsbRWvAWKTWnDOu30llvL075cS1hH5cxQZtJrBGm2LMZpnnA6fHo1tS3ZeB-G0J9IApGe_3dg0ZpM0biwOIXLQj2zGN0tJ23Sx93nnZ1FuM_c5N5EzrndI-U2MdWK0Z-3p2yWumbUNLz1AMM7RzON4lTVJjm_VPVI4Xk6IX-fJEk-g9qBvRxOHu94eFX8NKh-DrKCqE4KR5vWeKW-V2gMKfDGXa8bWJS6ja6zG1s5ndeBUHAcIXrKpOP73VWrzdXLjUyoxbzKa1YVFGJxUWZkUnh_BiokSUTXQltvlmKS1d_DAgVJ3l2z_-6iwM5ZWaN1oCnBX0OXvzwS-JJYZw0_mJNlYfNBt8nJKa4ISR70W6BlvalslbTyKwHVTYSVV2fkztAozXk0nScvfG5zmIf7Se1plqVL6O59r0-iIM3-QF9t7yrzKi7ysCmJGc8VNGgUYexL-l_lbNhqeRetkfUfeVQZA\" data-hovercard=\"\/ajax\/hovercard\/page.php?id=165756766769466&amp;extragetparams=%7B%22__tn__%22%3A%22%2CdKH-R-R%22%2C%22eid%22%3A%22ARBdwkOXvJsKa4HV0xcPnnmDvhfvMziGxni9wWJ5qk34IPAuPZa2batDMYtaISoermhSkyR7DPB27iex%22%2C%22fref%22%3A%22mentions%22%7D\" data-hovercard-prefer-more-content-show=\"1\">Oldenburgisches Staatstheater<\/a><br \/>\n14.12. LAUTENTHAL | <a class=\"profileLink\" href=\"https:\/\/www.facebook.com\/wunderkammer.harz\/?__tn__=KH-R&amp;eid=ARCCMovvYguKnvHf696FdatXaGhuT-FhYruIXmE5UAaav12gm19UZbPK1LDbeyYopYCs_CuD_Wb_O6pY&amp;fref=mentions&amp;__xts__%5B0%5D=68.ARAOs156aEVpxCrOf0u5RDsXbxjxqwQcFMXf9OSzle8xbrHpCneq_A6fuD2gzr7nkRX_4v09kGovhBv4eJPLEv7K6q140crKs0A5fEECLhLeMoE1h-Z-wsbRWvAWKTWnDOu30llvL075cS1hH5cxQZtJrBGm2LMZpnnA6fHo1tS3ZeB-G0J9IApGe_3dg0ZpM0biwOIXLQj2zGN0tJ23Sx93nnZ1FuM_c5N5EzrndI-U2MdWK0Z-3p2yWumbUNLz1AMM7RzON4lTVJjm_VPVI4Xk6IX-fJEk-g9qBvRxOHu94eFX8NKh-DrKCqE4KR5vWeKW-V2gMKfDGXa8bWJS6ja6zG1s5ndeBUHAcIXrKpOP73VWrzdXLjUyoxbzKa1YVFGJxUWZkUnh_BiokSUTXQltvlmKS1d_DAgVJ3l2z_-6iwM5ZWaN1oCnBX0OXvzwS-JJYZw0_mJNlYfNBt8nJKa4ISR70W6BlvalslbTyKwHVTYSVV2fkztAozXk0nScvfG5zmIf7Se1plqVL6O59r0-iIM3-QF9t7yrzKi7ysCmJGc8VNGgUYexL-l_lbNhqeRetkfUfeVQZA\" data-hovercard=\"\/ajax\/hovercard\/page.php?id=656322761077488&amp;extragetparams=%7B%22__tn__%22%3A%22%2CdKH-R-R%22%2C%22eid%22%3A%22ARCCMovvYguKnvHf696FdatXaGhuT-FhYruIXmE5UAaav12gm19UZbPK1LDbeyYopYCs_CuD_Wb_O6pY%22%2C%22fref%22%3A%22mentions%22%7D\" data-hovercard-prefer-more-content-show=\"1\">Wunderkammer<\/a><br \/>\n15.12. CELLE | <a class=\"profileLink\" href=\"https:\/\/www.facebook.com\/CDKaserne\/?__tn__=KH-R&amp;eid=ARBukZtvFVRwEZncYDB3LIgSsRE_WIjoifJRSiRvpG3SZDM4Z3QI18_uSqG3lzw0KD0n4EkplIK31vqm&amp;fref=mentions&amp;__xts__%5B0%5D=68.ARAOs156aEVpxCrOf0u5RDsXbxjxqwQcFMXf9OSzle8xbrHpCneq_A6fuD2gzr7nkRX_4v09kGovhBv4eJPLEv7K6q140crKs0A5fEECLhLeMoE1h-Z-wsbRWvAWKTWnDOu30llvL075cS1hH5cxQZtJrBGm2LMZpnnA6fHo1tS3ZeB-G0J9IApGe_3dg0ZpM0biwOIXLQj2zGN0tJ23Sx93nnZ1FuM_c5N5EzrndI-U2MdWK0Z-3p2yWumbUNLz1AMM7RzON4lTVJjm_VPVI4Xk6IX-fJEk-g9qBvRxOHu94eFX8NKh-DrKCqE4KR5vWeKW-V2gMKfDGXa8bWJS6ja6zG1s5ndeBUHAcIXrKpOP73VWrzdXLjUyoxbzKa1YVFGJxUWZkUnh_BiokSUTXQltvlmKS1d_DAgVJ3l2z_-6iwM5ZWaN1oCnBX0OXvzwS-JJYZw0_mJNlYfNBt8nJKa4ISR70W6BlvalslbTyKwHVTYSVV2fkztAozXk0nScvfG5zmIf7Se1plqVL6O59r0-iIM3-QF9t7yrzKi7ysCmJGc8VNGgUYexL-l_lbNhqeRetkfUfeVQZA\" data-hovercard=\"\/ajax\/hovercard\/page.php?id=195799443785347&amp;extragetparams=%7B%22__tn__%22%3A%22%2CdKH-R-R%22%2C%22eid%22%3A%22ARBukZtvFVRwEZncYDB3LIgSsRE_WIjoifJRSiRvpG3SZDM4Z3QI18_uSqG3lzw0KD0n4EkplIK31vqm%22%2C%22fref%22%3A%22mentions%22%7D\" data-hovercard-prefer-more-content-show=\"1\">CD-Kaserne &#8211; Das Kulturzentrum in Celle<\/a><br \/>\n21.12. BAD BEVENSEN | <a class=\"profileLink\" href=\"https:\/\/www.facebook.com\/KurhausBadBevensen\/?__tn__=KH-R&amp;eid=ARAyTJ4yIjXmLAOKSpVueBTwHBb7kwn9sksWVHEYSGYDCuqfQEBz9DCEKnYNR_YLqWpiIdLBaBOV9ADw&amp;fref=mentions&amp;__xts__%5B0%5D=68.ARAOs156aEVpxCrOf0u5RDsXbxjxqwQcFMXf9OSzle8xbrHpCneq_A6fuD2gzr7nkRX_4v09kGovhBv4eJPLEv7K6q140crKs0A5fEECLhLeMoE1h-Z-wsbRWvAWKTWnDOu30llvL075cS1hH5cxQZtJrBGm2LMZpnnA6fHo1tS3ZeB-G0J9IApGe_3dg0ZpM0biwOIXLQj2zGN0tJ23Sx93nnZ1FuM_c5N5EzrndI-U2MdWK0Z-3p2yWumbUNLz1AMM7RzON4lTVJjm_VPVI4Xk6IX-fJEk-g9qBvRxOHu94eFX8NKh-DrKCqE4KR5vWeKW-V2gMKfDGXa8bWJS6ja6zG1s5ndeBUHAcIXrKpOP73VWrzdXLjUyoxbzKa1YVFGJxUWZkUnh_BiokSUTXQltvlmKS1d_DAgVJ3l2z_-6iwM5ZWaN1oCnBX0OXvzwS-JJYZw0_mJNlYfNBt8nJKa4ISR70W6BlvalslbTyKwHVTYSVV2fkztAozXk0nScvfG5zmIf7Se1plqVL6O59r0-iIM3-QF9t7yrzKi7ysCmJGc8VNGgUYexL-l_lbNhqeRetkfUfeVQZA\" data-hovercard=\"\/ajax\/hovercard\/page.php?id=366030523804040&amp;extragetparams=%7B%22__tn__%22%3A%22%2CdKH-R-R%22%2C%22eid%22%3A%22ARAyTJ4yIjXmLAOKSpVueBTwHBb7kwn9sksWVHEYSGYDCuqfQEBz9DCEKnYNR_YLqWpiIdLBaBOV9ADw%22%2C%22fref%22%3A%22mentions%22%7D\" data-hovercard-prefer-more-content-show=\"1\">Kurhaus Bad Bevensen<\/a><\/span><\/p>\n<p><span class=\"text_exposed_show\"><br \/>\nDas sind die \u00f6ffentlichen Termine <span class=\"_5mfr\"><span class=\"_6qdm\">\ud83d\ude00<\/span><\/span> Ihr wisst aber ja, kein Weihnachtsmarkt ist vor den Ladies sicher!<\/span><\/p>\n<p><a href=\"https:\/\/www.kosmopolitrecords.de\/website2016\/wp-content\/uploads\/2019\/10\/image1.jpeg\"><img loading=\"lazy\" class=\"alignnone size-medium wp-image-11566\" src=\"https:\/\/www.kosmopolitrecords.de\/website2016\/wp-content\/uploads\/2019\/10\/image1-300x111.jpeg\" alt=\"\" width=\"300\" height=\"111\" srcset=\"https:\/\/www.kosmopolitrecords.de\/website2016\/wp-content\/uploads\/2019\/10\/image1-300x111.jpeg 300w, https:\/\/www.kosmopolitrecords.de\/website2016\/wp-content\/uploads\/2019\/10\/image1-768x284.jpeg 768w, https:\/\/www.kosmopolitrecords.de\/website2016\/wp-content\/uploads\/2019\/10\/image1.jpeg 851w\" sizes=\"(max-width: 300px) 100vw, 300px\" \/><\/a><\/p>\n","protected":false},"excerpt":{"rendered":"<p>Bald sind sie wieder auf Tour und wir freuen uns schon wahnsinnig auf all die Bilder von B\u00fchnenaufbauten und -abrissen, swingigen Gr\u00fc\u00dfen aus dem Tourmobil und Weihnachtsmarkt\u00fcberraschungsauftritten! 05.12. REMCHINGEN | Kulturhalle Remchingen 06.12. TETTNANG | Aula des Monfort-Gymnasiums 08.12. OLDENBURG | Oldenburgisches Staatstheater 14.12. LAUTENTHAL | Wunderkammer 15.12. CELLE | CD-Kaserne &#8211; Das Kulturzentrum in [&hellip;]<\/p>\n","protected":false},"author":3,"featured_media":11567,"comment_status":"open","ping_status":"open","sticky":false,"template":"","format":"standard","meta":[],"categories":[1],"tags":[],"_links":{"self":[{"href":"https:\/\/www.kosmopolitrecords.de\/index.php?rest_route=\/wp\/v2\/posts\/11565"}],"collection":[{"href":"https:\/\/www.kosmopolitrecords.de\/index.php?rest_route=\/wp\/v2\/posts"}],"about":[{"href":"https:\/\/www.kosmopolitrecords.de\/index.php?rest_route=\/wp\/v2\/types\/post"}],"author":[{"embeddable":true,"href":"https:\/\/www.kosmopolitrecords.de\/index.php?rest_route=\/wp\/v2\/users\/3"}],"replies":[{"embeddable":true,"href":"https:\/\/www.kosmopolitrecords.de\/index.php?rest_route=%2Fwp%2Fv2%2Fcomments&post=11565"}],"version-history":[{"count":1,"href":"https:\/\/www.kosmopolitrecords.de\/index.php?rest_route=\/wp\/v2\/posts\/11565\/revisions"}],"predecessor-version":[{"id":11568,"href":"https:\/\/www.kosmopolitrecords.de\/index.php?rest_route=\/wp\/v2\/posts\/11565\/revisions\/11568"}],"wp:featuredmedia":[{"embeddable":true,"href":"https:\/\/www.kosmopolitrecords.de\/index.php?rest_route=\/wp\/v2\/media\/11567"}],"wp:attachment":[{"href":"https:\/\/www.kosmopolitrecords.de\/index.php?rest_route=%2Fwp%2Fv2%2Fmedia&parent=11565"}],"wp:term":[{"taxonomy":"category","embeddable":true,"href":"https:\/\/www.kosmopolitrecords.de\/index.php?rest_route=%2Fwp%2Fv2%2Fcategories&post=11565"},{"taxonomy":"post_tag","embeddable":true,"href":"https:\/\/www.kosmopolitrecords.de\/index.php?rest_route=%2Fwp%2Fv2%2Ftags&post=11565"}],"curies":[{"name":"wp","href":"https:\/\/api.w.org\/{rel}","templated":true}]}}