{"id":11586,"date":"2019-12-20T14:36:33","date_gmt":"2019-12-20T13:36:33","guid":{"rendered":"http:\/\/www.kosmopolitrecords.de\/?p=11586"},"modified":"2020-01-02T14:38:38","modified_gmt":"2020-01-02T13:38:38","slug":"kind-der-80er-matthias-monka","status":"publish","type":"post","link":"https:\/\/www.kosmopolitrecords.de\/?p=11586","title":{"rendered":"+++ KIND DER 80er: MATTHIAS MONKA +++"},"content":{"rendered":"<p>1985 \u2013 Der erste Song des neuen Albums von <a class=\"profileLink\" href=\"https:\/\/www.facebook.com\/mattmonka\/?__tn__=K-R&amp;eid=ARCRcIcqKA5Dt2cZtcX3BU88WWHpblNBI0-rTN6YITBUyPUYiDyJmfc8zQJMpq84NWGP3XHRvsjmjMSh&amp;fref=mentions&amp;__xts__%5B0%5D=68.ARA6NgDliF4x6ScTP60Ad-biGydibBAUaX2ysac7f25mKCJo7oXzT1RHuZbupOUvLLRIra993Cs25FIqTP2usswTsrdc4RGxpAsBTNFNdTGO-phY-ObN1D2d5lJZeTWsacd5Qq2VOm014DudkiqmWxVeUufaU-H0mbjvIoEQjyG6uQOAKUjfybZqRHu9SF4acta2FEuNBjg3WSEERdjmDC-fvyN8O3Q7rxFld3Y1aAgRjMcCv7hkyO0HD0ewZ9s2R5V29yeD_j7bImtvJk1HPkrpjKONZQGtLuYXAcruVvmNnjkJX7h5CydAJZ0p66iFf2379EbDk4E0sHUccpOBGqm83E5V7Nd06_YbrbOyxqpCmK85xrzERctDQUzXHhJ65zjwVBbmPxbaVbDe5ez1urnoRA_cYrRC-JVjSGDUInUmU0C55wG5-r2PAmNUiySzp0OhAwbB_QT6dulq7dWFN7q4Olta2pRHAyw5W_xiFlVX662_tkIKk00C\" data-hovercard-prefer-more-content-show=\"1\" data-hovercard=\"\/ajax\/hovercard\/page.php?id=180422192094969&amp;extragetparams=%7B%22__tn__%22%3A%22%2CdK-R-R%22%2C%22eid%22%3A%22ARCRcIcqKA5Dt2cZtcX3BU88WWHpblNBI0-rTN6YITBUyPUYiDyJmfc8zQJMpq84NWGP3XHRvsjmjMSh%22%2C%22fref%22%3A%22mentions%22%7D\">Matthias Monka<\/a> ist eine Ouvert\u00fcre. Obwohl das Thema dieses Mini-Musicals weit mehr umfasst als die Angst vor einem Atomkrieg, ist es in diesem Lied ins Zentrum gestellt. Denn tats\u00e4chlich stellte sich Matthias Monka als 12-j\u00e4hriger die Frage: \u201e\u00dcberlebt die Menschheit das Jahr 1985\u2026?\u201c Nachdem Monka mit Oliver Kronhardt \u2013 seinem Produzenten und Co-Songwriter \u2013 und mit diversen anderen \u201eKindern der A<span class=\"text_exposed_show\">chtziger\u201c \u00fcber dieses Thema sprach stellte sich heraus, dass nicht nur er diese Angst hatte. 1985 stellt jedoch mehr dar als eine Reise zur\u00fcck, es spiegelt ebenso die heutige Welt wider, in der Themen wie z.B. der Klimawandel eine bedeutende Rolle spielen. Das Werk wird u.a. in deutschen Kinos aufgef\u00fchrt und das Publikum wird hier nicht nur musikalisch sondern auch visuell in die Welt Monkas hineingezogen. Auf ebenso tragische wie hoffnungsvolle Weise erz\u00e4hlt 1985 \u00fcber eine aus den Fugen geratene Welt, die nur von den Verursachern, n\u00e4mlich uns, jederzeit geheilt werden kann.<\/span><\/p>\n<p><a href=\"https:\/\/www.kosmopolitrecords.de\/website2016\/wp-content\/uploads\/2019\/12\/MM_1985_Lay5.jpg\"><img loading=\"lazy\" class=\"alignnone size-medium wp-image-11585\" src=\"https:\/\/www.kosmopolitrecords.de\/website2016\/wp-content\/uploads\/2019\/12\/MM_1985_Lay5-300x300.jpg\" alt=\"\" width=\"300\" height=\"300\" srcset=\"https:\/\/www.kosmopolitrecords.de\/website2016\/wp-content\/uploads\/2019\/12\/MM_1985_Lay5-300x300.jpg 300w, https:\/\/www.kosmopolitrecords.de\/website2016\/wp-content\/uploads\/2019\/12\/MM_1985_Lay5-150x150.jpg 150w, https:\/\/www.kosmopolitrecords.de\/website2016\/wp-content\/uploads\/2019\/12\/MM_1985_Lay5-768x768.jpg 768w, https:\/\/www.kosmopolitrecords.de\/website2016\/wp-content\/uploads\/2019\/12\/MM_1985_Lay5-1024x1024.jpg 1024w\" sizes=\"(max-width: 300px) 100vw, 300px\" \/><\/a><\/p>\n","protected":false},"excerpt":{"rendered":"<p>1985 \u2013 Der erste Song des neuen Albums von Matthias Monka ist eine Ouvert\u00fcre. Obwohl das Thema dieses Mini-Musicals weit mehr umfasst als die Angst vor einem Atomkrieg, ist es in diesem Lied ins Zentrum gestellt. Denn tats\u00e4chlich stellte sich Matthias Monka als 12-j\u00e4hriger die Frage: \u201e\u00dcberlebt die Menschheit das Jahr 1985\u2026?\u201c Nachdem Monka mit [&hellip;]<\/p>\n","protected":false},"author":3,"featured_media":11585,"comment_status":"open","ping_status":"open","sticky":false,"template":"","format":"standard","meta":[],"categories":[1],"tags":[],"_links":{"self":[{"href":"https:\/\/www.kosmopolitrecords.de\/index.php?rest_route=\/wp\/v2\/posts\/11586"}],"collection":[{"href":"https:\/\/www.kosmopolitrecords.de\/index.php?rest_route=\/wp\/v2\/posts"}],"about":[{"href":"https:\/\/www.kosmopolitrecords.de\/index.php?rest_route=\/wp\/v2\/types\/post"}],"author":[{"embeddable":true,"href":"https:\/\/www.kosmopolitrecords.de\/index.php?rest_route=\/wp\/v2\/users\/3"}],"replies":[{"embeddable":true,"href":"https:\/\/www.kosmopolitrecords.de\/index.php?rest_route=%2Fwp%2Fv2%2Fcomments&post=11586"}],"version-history":[{"count":1,"href":"https:\/\/www.kosmopolitrecords.de\/index.php?rest_route=\/wp\/v2\/posts\/11586\/revisions"}],"predecessor-version":[{"id":11587,"href":"https:\/\/www.kosmopolitrecords.de\/index.php?rest_route=\/wp\/v2\/posts\/11586\/revisions\/11587"}],"wp:featuredmedia":[{"embeddable":true,"href":"https:\/\/www.kosmopolitrecords.de\/index.php?rest_route=\/wp\/v2\/media\/11585"}],"wp:attachment":[{"href":"https:\/\/www.kosmopolitrecords.de\/index.php?rest_route=%2Fwp%2Fv2%2Fmedia&parent=11586"}],"wp:term":[{"taxonomy":"category","embeddable":true,"href":"https:\/\/www.kosmopolitrecords.de\/index.php?rest_route=%2Fwp%2Fv2%2Fcategories&post=11586"},{"taxonomy":"post_tag","embeddable":true,"href":"https:\/\/www.kosmopolitrecords.de\/index.php?rest_route=%2Fwp%2Fv2%2Ftags&post=11586"}],"curies":[{"name":"wp","href":"https:\/\/api.w.org\/{rel}","templated":true}]}}